{"id":7384,"date":"2026-09-03T08:57:04","date_gmt":"2026-09-03T14:57:04","guid":{"rendered":"https:\/\/www.bibianabelsasso.com\/wpbb\/?p=7384"},"modified":"2026-09-03T08:57:05","modified_gmt":"2026-09-03T14:57:05","slug":"el-terrorismo-llego-a-mexico","status":"publish","type":"post","link":"https:\/\/www.bibianabelsasso.com\/wpbb\/el-terrorismo-llego-a-mexico\/","title":{"rendered":"El terrorismo\u202flleg\u00f3 a M\u00e9xico"},"content":{"rendered":"\n<p class=\"wp-block-paragraph\">El domingo 30 de agosto, un coche-bomba estall\u00f3 frente a la comandancia de Polic\u00eda de Ojocaliente, Zacatecas. El saldo: 10 heridos, dos de ellos polic\u00edas municipales, 17 viviendas destruidas y varios veh\u00edculos da\u00f1ados. No fue un enfrentamiento, no fue una balacera que se sali\u00f3 de control. Fue un veh\u00edculo cargado con explosivos, colocado frente a una instalaci\u00f3n policial, a una hora en que hab\u00eda gente en la calle. Eso tiene un nombre y son actos terroristas.<\/p>\n\n\n\n<p class=\"wp-block-paragraph\">En M\u00e9xico, el art\u00edculo 139 del C\u00f3digo Penal Federal sanciona con prisi\u00f3n de 15 a 40 a\u00f1os a quien utilice sustancias t\u00f3xicas, armas qu\u00edmicas o biol\u00f3gicas, material radiactivo, incendios o explosivos contra bienes o servicios p\u00fablicos para atemorizar a la poblaci\u00f3n o para presionar a la autoridad a tomar una determinaci\u00f3n.<\/p>\n\n\n\n<p class=\"wp-block-paragraph\">Lo grave es que la autoridad no quiere asumir que son actos de terrorismo para juzgarlos como tales.<br><br>L\u00e9alo otra vez y comp\u00e1relo con lo que pas\u00f3 en Ojocaliente. No hace falta reformar una sola l\u00ednea. La figura ya existe, est\u00e1 vigente y describe con precisi\u00f3n lo que ocurri\u00f3 el domingo.<br><br>Pero, por alguna extra\u00f1a raz\u00f3n, aqu\u00ed en M\u00e9xico este tipo de actos no se quieren catalogar como terroristas.<\/p>\n\n\n\n<p class=\"wp-block-paragraph\">El \u00fanico argumento que se usa para no calificar a los c\u00e1rteles mexicanos como organizaciones terroristas es que no buscan el poder pol\u00edtico. Ese argumento se cae solo cuando uno revisa la lista de presidentes municipales asesinados en los \u00faltimos a\u00f1os, la de polic\u00edas municipales cooptados y la de exfuncionarios que hoy son testigos protegidos en Estados Unidos.<\/p>\n\n\n\n<p class=\"wp-block-paragraph\">Y lo cierto es que s\u00ed, los c\u00e1rteles de la droga buscan y obtienen en M\u00e9xico puestos pol\u00edticos, desde presidentes municipales hasta posiciones en los congresos locales y federales, e incluso en algunas gubernaturas. Ah\u00ed est\u00e1n los se\u00f1alamientos que ha hecho Estados Unidos sobre muchos pol\u00edticos mexicanos.<\/p>\n\n\n\n<p class=\"wp-block-paragraph\">Bajo esa l\u00f3gica, lo que est\u00e1 pasando en M\u00e9xico y el terror que siembran algunas organizaciones criminales s\u00ed es terrorismo.<\/p>\n\n\n\n<p class=\"wp-block-paragraph\">Veamos la historia y recordemos lo que suced\u00eda en Colombia a finales de los a\u00f1os 80. Colombia tard\u00f3 a\u00f1os en llamarlo por su nombre, en decir que lo que suced\u00eda eran actos terroristas.<\/p>\n\n\n\n<p class=\"wp-block-paragraph\">El 2 de septiembre de 1989, un carro con 135 kilos de dinamita estall\u00f3 frente a la sede del diario El Espectador, en Bogot\u00e1. No hubo muertos, pero s\u00ed unos 73 heridos y el edificio qued\u00f3 destrozado. Tres meses despu\u00e9s, el 6 de diciembre, un bus cargado con 500 kilos de dinamita fue estrellado contra el edificio del Departamento Administrativo de Seguridad, el DAS.<\/p>\n\n\n\n<p class=\"wp-block-paragraph\">El objetivo era su director, el general Miguel Maza M\u00e1rquez, que se salv\u00f3 porque su oficina estaba blindada. Murieron 63 personas y m\u00e1s de 600 quedaron heridas. Ninguna de ellas ten\u00eda relaci\u00f3n con el narcotr\u00e1fico.<\/p>\n\n\n\n<p class=\"wp-block-paragraph\">Siguieron los carros-bomba de mayo de 1990 en los barrios Quirigua y Niza, con 26 muertos y 180 heridos. Y el 15 de abril de 1993, un veh\u00edculo con 150 kilos de dinamita estall\u00f3 frente al centro comercial Centro 93, en el norte de Bogot\u00e1: ocho muertos y 242 heridos, de acuerdo con los registros de las autoridades de la \u00e9poca. Fue el \u00faltimo gran atentado antes de que Pablo Escobar fuera abatido, el 2 de diciembre de ese a\u00f1o.<\/p>\n\n\n\n<p class=\"wp-block-paragraph\">La l\u00f3gica era muy simple y conviene entenderla, porque es la misma que estamos viendo aqu\u00ed. Escobar no pon\u00eda bombas para ganar territorio: las pon\u00eda para negociar.<\/p>\n\n\n\n<p class=\"wp-block-paragraph\">Lo que buscaba era que el Estado colombiano cediera en un punto concreto: la extradici\u00f3n a Estados Unidos. El terror no era el fin, era el instrumento de presi\u00f3n. Y funcion\u00f3 durante a\u00f1os, porque durante a\u00f1os nadie quiso decir en voz alta lo que estaba pasando.<\/p>\n\n\n\n<p class=\"wp-block-paragraph\">Y esto es lo que est\u00e1 pasando en M\u00e9xico. Seg\u00fan el recuento que hicimos esta semana en&nbsp;<em>Todo Personal<\/em>, cuatro ataques con coche-bomba en los \u00faltimos tres a\u00f1os. Algunos con muertos, otros con heridos, todos con viviendas da\u00f1adas y con familias que no ten\u00edan nada que ver.<\/p>\n\n\n\n<p class=\"wp-block-paragraph\">A esa lista hay que sumarle un instrumento todav\u00eda m\u00e1s silencioso: esta semana un militar muri\u00f3 por la explosi\u00f3n de una mina antipersonal enterrada en una brecha de Michoac\u00e1n.<\/p>\n\n\n\n<p class=\"wp-block-paragraph\">Coches bomba, minas antipersonal, drones con explosivos: los tres est\u00e1n dise\u00f1ados justamente para eso, para que el da\u00f1o sea indiscriminado y el mensaje llegue. Para sembrar terror en la sociedad. Pero, adem\u00e1s, los criminales est\u00e1n utilizando drones para realizar actos terroristas, aunque sean drones comerciales.<\/p>\n\n\n\n<p class=\"wp-block-paragraph\">Hace unos d\u00edas escrib\u00ed sobre el robo de un cargamento de drones de la marca china DJI, justo despu\u00e9s de salir del Aeropuerto Internacional Felipe \u00c1ngeles. No es la primera vez que le roban drones a esa compa\u00f1\u00eda en esa ruta. No hay evidencia que ligue esos equipos con ning\u00fan hecho posterior, y hay que decirlo con claridad. Pero el robo explica por qu\u00e9 esta tecnolog\u00eda se volvi\u00f3 mercanc\u00eda de alt\u00edsimo valor para las estructuras criminales.<\/p>\n\n\n\n<p class=\"wp-block-paragraph\">El crimen organizado lleva a\u00f1os reclutando muchachos para hacer trabajo de halc\u00f3n. Un dron hace ese trabajo mejor: vuela 24 horas, toma im\u00e1genes n\u00edtidas de d\u00eda y de noche, cubre sierras y caminos donde no entra una patrulla, no habla si lo detienen y no tiene familia a la que proteger.<\/p>\n\n\n\n<p class=\"wp-block-paragraph\">Para realizar actos terroristas, los c\u00e1rteles mexicanos est\u00e1n utilizando drones para<\/p>\n\n\n\n<p class=\"wp-block-paragraph\">auxiliarse.<\/p>\n\n\n\n<p class=\"wp-block-paragraph\">En un dato preocupante, la noche del 25 al 26 de agosto, fuerzas militares estadounidenses derribaron tres drones en la zona del Valle del R\u00edo Grande, en Texas.<\/p>\n\n\n\n<p class=\"wp-block-paragraph\">Y no lo hicieron con fusiles ni con misiles. Utilizaron un sistema l\u00e1ser de alta energ\u00eda del Ej\u00e9rcito estadounidense.<\/p>\n\n\n\n<p class=\"wp-block-paragraph\">De acuerdo con las autoridades de ese pa\u00eds, los aparatos estaban apoyando actividades il\u00edcitas y representaban una amenaza para personal militar y agentes de Aduanas y Protecci\u00f3n Fronteriza. Autoridades y reportes estadounidenses los han vinculado con operaciones de vigilancia de organizaciones criminales.<\/p>\n\n\n\n<p class=\"wp-block-paragraph\">Estados Unidos est\u00e1 utilizando tecnolog\u00eda militar de energ\u00eda dirigida para neutralizar drones relacionados con actividades criminales en su frontera con M\u00e9xico. Ya no estamos hablando solamente del halc\u00f3n parado en una esquina avisando por radio que se acerca una patrulla.<\/p>\n\n\n\n<p class=\"wp-block-paragraph\">Con estos drones se pueden observar carreteras, retenes, instalaciones militares y movimientos de polic\u00edas. Pueden seguir veh\u00edculos. Pueden identificar rutas con menor vigilancia. Pueden operar durante horas y transmitir im\u00e1genes en tiempo real. Y \u00e9sa es apenas la primera parte del problema, porque los drones tambi\u00e9n pueden convertirse en armas.<\/p>\n\n\n\n<p class=\"wp-block-paragraph\">En M\u00e9xico ya hemos visto organizaciones criminales utilizar drones modificados para lanzar explosivos. La tecnolog\u00eda que en Ucrania transform\u00f3 la manera de combatir tambi\u00e9n est\u00e1 llegando, en distintas escalas y con equipos comerciales modificados, a las organizaciones criminales.<\/p>\n\n\n\n<p class=\"wp-block-paragraph\">Existen, adem\u00e1s, aeronaves no tripuladas industriales capaces de transportar decenas de kilos. No significa que todos los drones comerciales tengan esa capacidad ni que todos sean utilizados con fines criminales. Significa algo mucho m\u00e1s preocupante: la tecnolog\u00eda disponible permite que un aparato relativamente accesible pueda pasar de herramienta de vigilancia a plataforma de transporte o ataque.<\/p>\n\n\n\n<p class=\"wp-block-paragraph\">Aqu\u00ed lo seguimos llamando \u201chechos aislados\u201d. En Colombia tambi\u00e9n los llamaron as\u00ed, hasta que tuvieron que reconocer que lo que hacen estas organizaciones criminales son \u201cactos terroristas\u201d.<\/p>\n","protected":false},"excerpt":{"rendered":"<p>El domingo 30 de agosto, un coche-bomba estall\u00f3 frente a la comandancia de Polic\u00eda de Ojocaliente, Zacatecas. El saldo: 10 heridos, dos de ellos polic\u00edas municipales, 17 viviendas destruidas y varios veh\u00edculos da\u00f1ados. No fue un enfrentamiento, no fue una [&hellip;]<\/p>\n","protected":false},"author":2,"featured_media":7385,"comment_status":"open","ping_status":"open","sticky":false,"template":"","format":"standard","meta":{"nf_dc_page":"","footnotes":""},"categories":[228],"tags":[],"class_list":["post-7384","post","type-post","status-publish","format-standard","has-post-thumbnail","hentry","category-columna-bajo-sospecha"],"_links":{"self":[{"href":"https:\/\/www.bibianabelsasso.com\/wpbb\/wp-json\/wp\/v2\/posts\/7384","targetHints":{"allow":["GET"]}}],"collection":[{"href":"https:\/\/www.bibianabelsasso.com\/wpbb\/wp-json\/wp\/v2\/posts"}],"about":[{"href":"https:\/\/www.bibianabelsasso.com\/wpbb\/wp-json\/wp\/v2\/types\/post"}],"author":[{"embeddable":true,"href":"https:\/\/www.bibianabelsasso.com\/wpbb\/wp-json\/wp\/v2\/users\/2"}],"replies":[{"embeddable":true,"href":"https:\/\/www.bibianabelsasso.com\/wpbb\/wp-json\/wp\/v2\/comments?post=7384"}],"version-history":[{"count":1,"href":"https:\/\/www.bibianabelsasso.com\/wpbb\/wp-json\/wp\/v2\/posts\/7384\/revisions"}],"predecessor-version":[{"id":7386,"href":"https:\/\/www.bibianabelsasso.com\/wpbb\/wp-json\/wp\/v2\/posts\/7384\/revisions\/7386"}],"wp:featuredmedia":[{"embeddable":true,"href":"https:\/\/www.bibianabelsasso.com\/wpbb\/wp-json\/wp\/v2\/media\/7385"}],"wp:attachment":[{"href":"https:\/\/www.bibianabelsasso.com\/wpbb\/wp-json\/wp\/v2\/media?parent=7384"}],"wp:term":[{"taxonomy":"category","embeddable":true,"href":"https:\/\/www.bibianabelsasso.com\/wpbb\/wp-json\/wp\/v2\/categories?post=7384"},{"taxonomy":"post_tag","embeddable":true,"href":"https:\/\/www.bibianabelsasso.com\/wpbb\/wp-json\/wp\/v2\/tags?post=7384"}],"curies":[{"name":"wp","href":"https:\/\/api.w.org\/{rel}","templated":true}]}}