{"id":7381,"date":"2026-09-02T08:58:35","date_gmt":"2026-09-02T14:58:35","guid":{"rendered":"https:\/\/www.bibianabelsasso.com\/wpbb\/?p=7381"},"modified":"2026-09-02T08:58:36","modified_gmt":"2026-09-02T14:58:36","slug":"de-octavio-paz-a-gustavo-petro","status":"publish","type":"post","link":"https:\/\/www.bibianabelsasso.com\/wpbb\/de-octavio-paz-a-gustavo-petro\/","title":{"rendered":"De Octavio Paz a Gustavo Petro"},"content":{"rendered":"\n<p class=\"wp-block-paragraph\">\u00bfQu\u00e9 tienen en com\u00fan Octavio Paz, Juan Rulfo, Rosario Castellanos, Carlos Monsiv\u00e1is, Alfonso Reyes y el expresidente de Colombia, Gustavo Petro?<\/p>\n\n\n\n<p class=\"wp-block-paragraph\">Que todos son autores del Fondo de Cultura Econ\u00f3mica (FCE). Los primeros cinco entraron al cat\u00e1logo por su obra. A Petro lo van a publicar, en esta nueva etapa del FCE, que ha acabado con una de las editoriales m\u00e1s prestigiosas de Latinoam\u00e9rica desde que es manejada por Paco Ignacio Taibo II.<\/p>\n\n\n\n<p class=\"wp-block-paragraph\">El 31 de agosto, Petro lleg\u00f3 a la Ciudad de M\u00e9xico con un permiso del Congreso de su pa\u00eds para salir de Colombia. Aqu\u00ed se reuni\u00f3 con el director general del Fondo de Cultura Econ\u00f3mica, Paco Ignacio Taibo II, y con Paloma Saiz, esposa de Taibo y directora de la Feria Internacional del Libro del Z\u00f3calo.<\/p>\n\n\n\n<p class=\"wp-block-paragraph\">Tras la reuni\u00f3n, el propio Petro anunci\u00f3 en sus redes que el Fondo editar\u00e1 en espa\u00f1ol, para todo el mundo hispanohablante, su libro\u00a0<em>Econom\u00eda pol\u00edtica de la crisis clim\u00e1tica<\/em>.<\/p>\n\n\n\n<p class=\"wp-block-paragraph\">Pues este personaje es el nuevo autor de la editorial del Estado mexicano. Atr\u00e1s quedaron escritores e intelectuales como Octavio Paz o Carlos Fuentes; ahora vamos con la l\u00ednea editorial de la Cuarta Transformaci\u00f3n y tenemos autores como Gustavo Petro.<\/p>\n\n\n\n<p class=\"wp-block-paragraph\">Gustavo Petro dej\u00f3 la Presidencia de Colombia el 7 de agosto de este a\u00f1o, cuando tom\u00f3 posesi\u00f3n Abelardo de la Espriella. Antes de irse, el 24 de octubre de 2025, se convirti\u00f3 en el primer jefe de Estado colombiano incluido en la Lista Clinton, el listado de la Oficina de Control de Activos Extranjeros del Departamento del Tesoro de Estados Unidos, que se\u00f1ala a personas vinculadas con el narcotr\u00e1fico y el lavado de activos.<\/p>\n\n\n\n<p class=\"wp-block-paragraph\">Su esposa, Ver\u00f3nica Alcocer; su hijo mayor, Nicol\u00e1s Petro Burgos, y su entonces ministro del Interior, Armando Benedetti, tambi\u00e9n est\u00e1n se\u00f1alados. El comunicado del Tesoro sostuvo que bajo su mandato la producci\u00f3n de coca\u00edna en Colombia alcanz\u00f3 niveles r\u00e9cord. Petro respondi\u00f3 que la sanci\u00f3n es pol\u00edtica, por sus discursos contra Donald Trump, y pidi\u00f3 formalmente su exclusi\u00f3n. Estados Unidos la ha negado.<\/p>\n\n\n\n<p class=\"wp-block-paragraph\">Los n\u00fameros de la ONU no lo ayudan. De acuerdo con el informe del Sistema Integrado de Monitoreo de Cultivos Il\u00edcitos y la Oficina de Naciones Unidas contra la Droga y el Delito, publicado en junio pasado, Colombia cerr\u00f3 2024 con 261 mil hect\u00e1reas sembradas de coca: la cifra m\u00e1s alta jam\u00e1s registrada y el cuarto a\u00f1o consecutivo de aumento. En 2021, el a\u00f1o previo a que Petro llegara al poder, eran 204 mil. La erradicaci\u00f3n manual forzosa cay\u00f3 de 20 mil 325 hect\u00e1reas en 2023 a nueve mil 403 en 2024.<\/p>\n\n\n\n<p class=\"wp-block-paragraph\">La violencia tampoco. El Centro de Paz y Seguridad de la Universidad Externado de Colombia calcul\u00f3 para el cuatrienio de Petro cerca de 54 mil 866 homicidios con datos de la Polic\u00eda Nacional, la cifra m\u00e1s alta de los tres \u00faltimos gobiernos: tres mil 559 por encima de Iv\u00e1n Duque. El Instituto de Estudios para el Desarrollo y la Paz (Indepaz) contabiliz\u00f3 359 masacres entre 2022 y 2026, frente a 317 en el cuatrienio anterior, y estableci\u00f3 que 58 por ciento del desplazamiento forzado, de la \u00faltima d\u00e9cada, ocurri\u00f3 durante su administraci\u00f3n. Todo esto bajo el lema oficial \u201cColombia, potencia mundial de la vida\u201d.<\/p>\n\n\n\n<p class=\"wp-block-paragraph\">Su gobierno tambi\u00e9n ha enfrentado cuestionamientos por el financiamiento de su campa\u00f1a presidencial. Su hijo, Nicol\u00e1s<\/p>\n\n\n\n<p class=\"wp-block-paragraph\">Petro, reconoci\u00f3 ante la Fiscal\u00eda haber recibido dinero de personas vinculadas al narcotr\u00e1fico y asegur\u00f3 que parte termin\u00f3 financiando<\/p>\n\n\n\n<p class=\"wp-block-paragraph\">actividades de campa\u00f1a, aunque sostuvo que su padre desconoc\u00eda el origen y manejo de esos recursos.<\/p>\n\n\n\n<p class=\"wp-block-paragraph\">Gustavo Petro deja a Colombia enfrentando una profunda crisis de seguridad y fuertes presiones econ\u00f3micas. Petro lleg\u00f3 prometiendo transformar Colombia; termina su mandato dejando un pa\u00eds profundamente polarizado, con serios desaf\u00edos de seguridad, crecimiento econ\u00f3mico y estabilidad financiera. Y mientras eso sucede, la 4T lo hace autor del Fondo de Cultura Econ\u00f3mica.<\/p>\n\n\n\n<p class=\"wp-block-paragraph\">Muy lejos estamos de lo que fue el Fondo de Cultura Econ\u00f3mica fundado en 1934.<\/p>\n\n\n\n<p class=\"wp-block-paragraph\">Daniel Cos\u00edo Villegas y Manuel G\u00f3mez Mor\u00edn lo crearon con un prop\u00f3sito modesto y concreto: que los estudiantes de la Escuela Nacional de Econom\u00eda tuvieran libros en espa\u00f1ol, porque no los hab\u00eda. De ah\u00ed creci\u00f3 a las humanidades, a la literatura, a la ciencia, a los libros para ni\u00f1os.<\/p>\n\n\n\n<p class=\"wp-block-paragraph\">En 1953 public\u00f3&nbsp;<em>El llano en llamas<\/em>, en la colecci\u00f3n Letras Mexicanas. En 1955,&nbsp;<em>Pedro P\u00e1ramo<\/em>. En 1957,&nbsp;<em>Bal\u00fan-Can\u00e1n<\/em>, la primera novela de Rosario Castellanos. En 1959 imprimi\u00f3 con su sello&nbsp;<em>El laberinto de la soledad<\/em>, de Octavio Paz, y naci\u00f3 la Colecci\u00f3n Popular, la que puso los cl\u00e1sicos al alcance de cualquiera. En su cat\u00e1logo hay 65 premios Nobel y 33 premios Cervantes. En octubre de 2005, el ejemplar n\u00famero 100 millones que sali\u00f3 de sus prensas desde la fundaci\u00f3n fue una reimpresi\u00f3n de Paz en esa misma Colecci\u00f3n Popular.<\/p>\n\n\n\n<p class=\"wp-block-paragraph\">\u00c9sa era la idea: libros baratos para que llegaran a todos. El adjetivo \u201cecon\u00f3mica\u201d del nombre ven\u00eda de la disciplina, no del precio, pero termin\u00f3 significando las dos cosas.<\/p>\n\n\n\n<p class=\"wp-block-paragraph\">Ahora lo dirige Paco Ignacio Taibo II desde 2018, nombrado por Andr\u00e9s Manuel L\u00f3pez Obrador y ratificado en el cargo por la Presidenta Claudia Sheinbaum. \u00c9l mismo se ha definido como: \u201cSomos una transnacional de izquierda\u201d y \u201cSoy guevarista y bolivariano. Pero bueno, \u00bfqu\u00e9 esperaban?\u201d.<\/p>\n\n\n\n<p class=\"wp-block-paragraph\">Su proyecto insignia, Vientos del pueblo, vende libros por debajo de 20 pesos. Ah\u00ed no est\u00e1 el problema: abaratar el libro es exactamente lo que el Fondo lleva noventa a\u00f1os haciendo. El problema es que muchos de los autores no est\u00e1n al nivel de lo que alguna vez fue el FCE.<\/p>\n\n\n\n<p class=\"wp-block-paragraph\">Y hay otro tema, pero da para otra columna completa, y es el negocio personal que ha hecho Taibo, junto con su familia, de los libros que financia el Estado.<\/p>\n\n\n\n<p class=\"wp-block-paragraph\">C\u00f3mo olvidar cuando el 23 de octubre de 2025, en la conferencia matutina de la Presidenta, a Taibo le preguntaron por qu\u00e9 de los 27 t\u00edtulos de poes\u00eda de la colecci\u00f3n \u201c25 para el 25\u201d s\u00f3lo siete eran de mujeres. Contest\u00f3: \u201cSi partimos de la cuota, dices: \u2018bueno, si s\u00e9 de un poemario, escrito por una mujer, horriblemente asqueroso de malo, por el hecho de ser escrito por una mujer no merece que lo mandemos a una sala comunitaria en mitad de Guanajuato\u2019\u201d.<\/p>\n\n\n\n<p class=\"wp-block-paragraph\">El Fondo naci\u00f3 para que un estudiante con pocos recursos pudiera leer a personajes como Rulfo.<\/p>\n\n\n\n<p class=\"wp-block-paragraph\">Hoy, con dinero p\u00fablico, Taibo decide a qui\u00e9n le abre la puerta. Esta semana se la abri\u00f3, en tiempo r\u00e9cord, a un expresidente sancionado por Estados Unidos por presuntos v\u00ednculos con el narcotr\u00e1fico, que muy poco tiene que aportar para los j\u00f3venes lectores.<\/p>\n","protected":false},"excerpt":{"rendered":"<p>\u00bfQu\u00e9 tienen en com\u00fan Octavio Paz, Juan Rulfo, Rosario Castellanos, Carlos Monsiv\u00e1is, Alfonso Reyes y el expresidente de Colombia, Gustavo Petro? Que todos son autores del Fondo de Cultura Econ\u00f3mica (FCE). Los primeros cinco entraron al cat\u00e1logo por su obra. [&hellip;]<\/p>\n","protected":false},"author":2,"featured_media":7382,"comment_status":"open","ping_status":"open","sticky":false,"template":"","format":"standard","meta":{"nf_dc_page":"","footnotes":""},"categories":[228],"tags":[],"class_list":["post-7381","post","type-post","status-publish","format-standard","has-post-thumbnail","hentry","category-columna-bajo-sospecha"],"_links":{"self":[{"href":"https:\/\/www.bibianabelsasso.com\/wpbb\/wp-json\/wp\/v2\/posts\/7381","targetHints":{"allow":["GET"]}}],"collection":[{"href":"https:\/\/www.bibianabelsasso.com\/wpbb\/wp-json\/wp\/v2\/posts"}],"about":[{"href":"https:\/\/www.bibianabelsasso.com\/wpbb\/wp-json\/wp\/v2\/types\/post"}],"author":[{"embeddable":true,"href":"https:\/\/www.bibianabelsasso.com\/wpbb\/wp-json\/wp\/v2\/users\/2"}],"replies":[{"embeddable":true,"href":"https:\/\/www.bibianabelsasso.com\/wpbb\/wp-json\/wp\/v2\/comments?post=7381"}],"version-history":[{"count":1,"href":"https:\/\/www.bibianabelsasso.com\/wpbb\/wp-json\/wp\/v2\/posts\/7381\/revisions"}],"predecessor-version":[{"id":7383,"href":"https:\/\/www.bibianabelsasso.com\/wpbb\/wp-json\/wp\/v2\/posts\/7381\/revisions\/7383"}],"wp:featuredmedia":[{"embeddable":true,"href":"https:\/\/www.bibianabelsasso.com\/wpbb\/wp-json\/wp\/v2\/media\/7382"}],"wp:attachment":[{"href":"https:\/\/www.bibianabelsasso.com\/wpbb\/wp-json\/wp\/v2\/media?parent=7381"}],"wp:term":[{"taxonomy":"category","embeddable":true,"href":"https:\/\/www.bibianabelsasso.com\/wpbb\/wp-json\/wp\/v2\/categories?post=7381"},{"taxonomy":"post_tag","embeddable":true,"href":"https:\/\/www.bibianabelsasso.com\/wpbb\/wp-json\/wp\/v2\/tags?post=7381"}],"curies":[{"name":"wp","href":"https:\/\/api.w.org\/{rel}","templated":true}]}}