{"id":7370,"date":"2026-08-28T09:05:24","date_gmt":"2026-08-28T15:05:24","guid":{"rendered":"https:\/\/www.bibianabelsasso.com\/wpbb\/?p=7370"},"modified":"2026-08-28T09:05:24","modified_gmt":"2026-08-28T15:05:24","slug":"rocha-sigue-teniendo-el-control-sin-estar-formalmente-en-la-gubernatura","status":"publish","type":"post","link":"https:\/\/www.bibianabelsasso.com\/wpbb\/rocha-sigue-teniendo-el-control-sin-estar-formalmente-en-la-gubernatura\/","title":{"rendered":"\u201cRocha sigue teniendo el control sin estar formalmente en la gubernatura\u201d"},"content":{"rendered":"\n<p class=\"wp-block-paragraph\">La crisis pol\u00edtica en Sinaloa es profunda. Rub\u00e9n Rocha Moya pidi\u00f3 licencia, regres\u00f3 al cargo y nuevamente volvi\u00f3 a solicitarla. Durante d\u00edas hubo incertidumbre sobre qui\u00e9n quedar\u00eda al frente del estado y, finalmente, la decisi\u00f3n fue dejar el gobierno en manos de Graciela Dom\u00ednguez Nava, quien form\u00f3 parte del c\u00edrculo cercano del propio Rocha Moya y fue su secretaria de Educaci\u00f3n P\u00fablica y Cultura.<\/p>\n\n\n\n<p class=\"wp-block-paragraph\">En apenas un a\u00f1o habr\u00e1 elecciones y est\u00e1 en juego qui\u00e9n mantendr\u00e1 el control pol\u00edtico de Sinaloa. Para entender qu\u00e9 hay detr\u00e1s de estas decisiones, c\u00f3mo quedan los grupos de poder y qu\u00e9 viene para el estado, platicamos esta semana con la senadora sinaloense Paloma S\u00e1nchez.<\/p>\n\n\n\n<p class=\"wp-block-paragraph\"><strong>Bibiana Belsasso (BB): Rub\u00e9n Rocha pidi\u00f3 licencia, regres\u00f3 y nuevamente solicit\u00f3 ausentarse. \u00bfC\u00f3mo se explica legal y pol\u00edticamente lo que ocurri\u00f3 y la llegada de Graciela Dom\u00ednguez?<\/strong><\/p>\n\n\n\n<p class=\"wp-block-paragraph\"><strong>Paloma S\u00e1nchez (PS):\u00a0<\/strong>Legalmente pod\u00eda regresar al cargo. Muchos lo repet\u00edan y con eso justificaban su regreso. Lo que a m\u00ed me preocup\u00f3 fue que regresara diciendo que la Fiscal\u00eda pr\u00e1cticamente lo hab\u00eda exonerado, que no hab\u00eda encontrado pruebas en su contra. Hasta el momento, la Fiscal\u00eda tampoco ha aclarado p\u00fablicamente lo que \u00e9l afirm\u00f3. A partir de ah\u00ed se genera todo este caos. Rocha controla pr\u00e1cticamente todo: controla su partido, el gobierno, tiene una enorme influencia sobre el Congreso local y tambi\u00e9n sobre el Poder Judicial y el Tribunal Electoral. Adem\u00e1s, las posiciones de Morena en el Senado por Sinaloa pertenecen a su mismo grupo pol\u00edtico.<\/p>\n\n\n\n<p class=\"wp-block-paragraph\"><strong>BB: \u00bfRocha mantiene el control pol\u00edtico del estado?<\/strong><\/p>\n\n\n\n<p class=\"wp-block-paragraph\"><strong>PS:&nbsp;<\/strong>Completamente. Y Graciela Dom\u00ednguez es una persona que viene directamente de su equipo. Fue parte de su gabinete como secretaria de Educaci\u00f3n P\u00fablica y Cultura. Por eso considero que seguir\u00e1 cuidando los intereses pol\u00edticos de Rocha.<\/p>\n\n\n\n<p class=\"wp-block-paragraph\"><strong>BB: Se habl\u00f3 de que llegara una figura impulsada desde la Federaci\u00f3n. \u00bfPor qu\u00e9 queda alguien del c\u00edrculo de Rocha?<\/strong><\/p>\n\n\n\n<p class=\"wp-block-paragraph\"><strong>PS:<\/strong>&nbsp;La propia Presidenta dijo que en Sinaloa pod\u00edan ponerse de acuerdo localmente, porque hab\u00eda un Poder Legislativo y un Poder Judicial que pod\u00edan tomar las decisiones. Ah\u00ed es donde yo encuentro una contradicci\u00f3n: todo mundo sabe la influencia que Rocha tiene sobre el Congreso local y sobre el Poder Judicial. La Presidenta nunca dijo que enviar\u00eda una figura desde la Federaci\u00f3n. Eso se manej\u00f3 en la prensa y en Sinaloa, algunos lo interpretaron como la posibilidad de un manotazo en la mesa. Pero ocurri\u00f3 lo contrario. Yo no creo en esta versi\u00f3n de que existe un rompimiento total entre Rocha y la Federaci\u00f3n. Creo que hay coordinaci\u00f3n, aunque se cuide la distancia por un tema de imagen de la Presidenta. Si realmente quisieran romper con Rocha, habr\u00edan tomado decisiones diferentes.<\/p>\n\n\n\n<p class=\"wp-block-paragraph\"><strong>BB: \u00bfLa desaparici\u00f3n de poderes?<\/strong><\/p>\n\n\n\n<p class=\"wp-block-paragraph\"><strong>PS:&nbsp;<\/strong>Totalmente. Ya existe una petici\u00f3n de desaparici\u00f3n de poderes presentada por integrantes de la sociedad civil y por el Colegio de Abogados en Sinaloa. Yo acompa\u00f1\u00e9 esa propuesta. No es una iniciativa que haya nacido de los partidos pol\u00edticos. Se present\u00f3 ante el Senado y se argument\u00f3 que tendr\u00eda que convocarse a un periodo extraordinario, por lo que se esperaba el inicio del periodo ordinario para darle continuidad. Para m\u00ed, discutir realmente la desaparici\u00f3n de poderes habr\u00eda sido un mensaje de que existe voluntad de cambiar las cosas. Lo dem\u00e1s me parece simulaci\u00f3n.<\/p>\n\n\n\n<p class=\"wp-block-paragraph\"><strong>BB: \u00bfC\u00f3mo funcionar\u00eda una desaparici\u00f3n de poderes en Sinaloa?<\/strong><\/p>\n\n\n\n<p class=\"wp-block-paragraph\"><strong>PS:&nbsp;<\/strong>Tendr\u00eda que presentarse y discutirse en el Senado. Se requiere una mayor\u00eda que la oposici\u00f3n no tiene, por lo que necesariamente tendr\u00eda que existir una operaci\u00f3n dentro de Morena. \u00bfQui\u00e9n puede generar esa operaci\u00f3n pol\u00edtica? La Presidenta. Despu\u00e9s vendr\u00eda el proceso para establecer un gobierno provisional y, conforme a lo que determine la ley, convocar a elecciones.<\/p>\n\n\n\n<p class=\"wp-block-paragraph\"><strong>BB: \u00bfLa Federaci\u00f3n s\u00ed ten\u00eda herramientas para impulsar una separaci\u00f3n real del grupo de Rocha Moya?<\/strong><\/p>\n\n\n\n<p class=\"wp-block-paragraph\"><strong>PS:<\/strong>&nbsp;Claro. Por eso insisto: si realmente se hubiera querido generar una ruptura, exist\u00edan mecanismos pol\u00edticos e institucionales para hacerlo. Pero la Presidenta descart\u00f3 la desaparici\u00f3n de poderes y argument\u00f3 que el Poder Legislativo y el Judicial de Sinaloa estaban funcionando. Desde mi perspectiva, eso ignora que esos poderes est\u00e1n pol\u00edticamente bajo influencia de Rocha.<\/p>\n\n\n\n<p class=\"wp-block-paragraph\"><strong>BB: H\u00e1blame de Graciela Dom\u00ednguez.<\/strong><\/p>\n\n\n\n<p class=\"wp-block-paragraph\"><strong>PS:&nbsp;<\/strong>Es una pol\u00edtica que forma parte del grupo de Rocha. Lleg\u00f3 con \u00e9l y estuvo en su gabinete como secretaria de Educaci\u00f3n. Despu\u00e9s fue diputada federal. Durante su gesti\u00f3n en Educaci\u00f3n hubo enormes rezagos de infraestructura. Tenemos registros de escuelas sin ba\u00f1os, agua y electricidad. Posteriormente, como diputada federal, present\u00f3 s\u00f3lo cinco iniciativas en tres a\u00f1os.<\/p>\n\n\n\n<p class=\"wp-block-paragraph\"><strong>BB: \u00bfExiste alguna acusaci\u00f3n que la vincule con el crimen organizado?<\/strong><\/p>\n\n\n\n<p class=\"wp-block-paragraph\"><strong>PS:&nbsp;<\/strong>Hasta este momento yo no conozco ninguna acusaci\u00f3n de ese tipo en su contra.<\/p>\n\n\n\n<p class=\"wp-block-paragraph\"><strong>BB: \u00bfLa decisi\u00f3n de dejarla tiene un componente electoral?<\/strong><\/p>\n\n\n\n<p class=\"wp-block-paragraph\"><strong>PS:<\/strong>&nbsp;Por supuesto. Yo digo que Rocha no solamente quiere quedarse seis a\u00f1os; su grupo pol\u00edtico quiere quedarse 12. Los perfiles que est\u00e1 presentando la Cuarta Transformaci\u00f3n para la sucesi\u00f3n pertenecen al mismo grupo. Tambi\u00e9n se menciona a Imelda Castro, quien fue compa\u00f1era de Rocha en el Senado y despu\u00e9s compa\u00f1era de Enrique Inzunza. Estamos hablando del mismo grupo pol\u00edtico tratando de conservar el poder otro sexenio. Por eso es tan importante qui\u00e9n queda ahora en la gubernatura. Tener a un cuadro como Graciela permite tambi\u00e9n operar pol\u00edticamente el proceso rumbo a las pr\u00f3ximas elecciones.<\/p>\n\n\n\n<p class=\"wp-block-paragraph\"><strong>BB: \u00bfQu\u00e9 ha dejado esta guerra entre grupos criminales en Sinaloa?<\/strong><\/p>\n\n\n\n<p class=\"wp-block-paragraph\"><strong>PS:<\/strong>&nbsp;Las cifras son terribles. En 716 d\u00edas de violencia tenemos registrados tres mil 87 homicidios, cuatro mil 121 personas desaparecidas, 113 ni\u00f1as, ni\u00f1os y menores asesinados y 344 menores desaparecidos. Adem\u00e1s, se contabilizan 11 mil 146 veh\u00edculos robados, alrededor de tres mil familias desplazadas, tres mil 948 negocios y comercios asaltados, 54 mil empleos perdidos y aproximadamente siete mil empresas y negocios cerrados. Estimamos un da\u00f1o econ\u00f3mico de 170 mil millones de pesos y una ca\u00edda muy importante de la actividad econ\u00f3mica del estado.<\/p>\n\n\n\n<p class=\"wp-block-paragraph\"><strong>BB: La Federaci\u00f3n ha desplegado al Ej\u00e9rcito, Marina, Guardia Nacional. \u00bfPor qu\u00e9 no se logra recuperar la seguridad?<\/strong><\/p>\n\n\n\n<p class=\"wp-block-paragraph\"><strong>PS:<\/strong>&nbsp;Ha habido un despliegue muy importante del Ej\u00e9rcito, la Marina y la Guardia Nacional, y reconozco su trabajo. El problema es qu\u00e9 sucede con las instituciones locales. Si la Fiscal\u00eda del estado, la Secretar\u00eda de Seguridad y otras posiciones fundamentales contin\u00faan vinculadas pol\u00edticamente al mismo grupo que ha gobernado Sinaloa, es muy dif\u00edcil que la estrategia federal tenga resultados completos.<\/p>\n\n\n\n<p class=\"wp-block-paragraph\"><strong>BB: \u00bfC\u00f3mo puede trabajar la Federaci\u00f3n si desconf\u00eda de estructuras locales?<\/strong><\/p>\n\n\n\n<p class=\"wp-block-paragraph\"><strong>PS:<\/strong>&nbsp;\u00c9se es precisamente el problema. Hay posiciones clave dentro del gobierno estatal: Fiscal\u00eda, Seguridad, Obras. Si no existe independencia real de las instituciones, cualquier esfuerzo federal enfrenta enormes obst\u00e1culos. Y esto va m\u00e1s all\u00e1 de la seguridad. El crimen ha penetrado actividades econ\u00f3micas y estructuras locales; hay regiones donde tiene influencia hasta en cuestiones de agua y circuitos de riego.<\/p>\n\n\n\n<p class=\"wp-block-paragraph\"><strong>BB: \u00bfQu\u00e9 est\u00e1 en juego en Sinaloa?<\/strong><\/p>\n\n\n\n<p class=\"wp-block-paragraph\"><strong>PS:&nbsp;<\/strong>No solamente qui\u00e9n ocupa la gubernatura este periodo. Est\u00e1 en juego qui\u00e9n controla pol\u00edticamente el estado y qui\u00e9n organizar\u00e1 el proceso rumbo a las elecciones. Por eso digo que cambiar a Rocha por una persona de su mismo c\u00edrculo no significa necesariamente cambiar el poder. Puede cambiar el nombre de quien ocupa la oficina del gobernador, pero si permanecen el mismo grupo pol\u00edtico, las mismas estructuras y la misma influencia sobre el Congreso, el Poder Judicial y las instituciones locales, entonces Rocha puede seguir teniendo el control pol\u00edtico de Sinaloa, aun sin estar formalmente en la gubernatura.<\/p>\n","protected":false},"excerpt":{"rendered":"<p>La crisis pol\u00edtica en Sinaloa es profunda. Rub\u00e9n Rocha Moya pidi\u00f3 licencia, regres\u00f3 al cargo y nuevamente volvi\u00f3 a solicitarla. Durante d\u00edas hubo incertidumbre sobre qui\u00e9n quedar\u00eda al frente del estado y, finalmente, la decisi\u00f3n fue dejar el gobierno en [&hellip;]<\/p>\n","protected":false},"author":2,"featured_media":7371,"comment_status":"open","ping_status":"open","sticky":false,"template":"","format":"standard","meta":{"nf_dc_page":"","footnotes":""},"categories":[228],"tags":[],"class_list":["post-7370","post","type-post","status-publish","format-standard","has-post-thumbnail","hentry","category-columna-bajo-sospecha"],"_links":{"self":[{"href":"https:\/\/www.bibianabelsasso.com\/wpbb\/wp-json\/wp\/v2\/posts\/7370","targetHints":{"allow":["GET"]}}],"collection":[{"href":"https:\/\/www.bibianabelsasso.com\/wpbb\/wp-json\/wp\/v2\/posts"}],"about":[{"href":"https:\/\/www.bibianabelsasso.com\/wpbb\/wp-json\/wp\/v2\/types\/post"}],"author":[{"embeddable":true,"href":"https:\/\/www.bibianabelsasso.com\/wpbb\/wp-json\/wp\/v2\/users\/2"}],"replies":[{"embeddable":true,"href":"https:\/\/www.bibianabelsasso.com\/wpbb\/wp-json\/wp\/v2\/comments?post=7370"}],"version-history":[{"count":1,"href":"https:\/\/www.bibianabelsasso.com\/wpbb\/wp-json\/wp\/v2\/posts\/7370\/revisions"}],"predecessor-version":[{"id":7372,"href":"https:\/\/www.bibianabelsasso.com\/wpbb\/wp-json\/wp\/v2\/posts\/7370\/revisions\/7372"}],"wp:featuredmedia":[{"embeddable":true,"href":"https:\/\/www.bibianabelsasso.com\/wpbb\/wp-json\/wp\/v2\/media\/7371"}],"wp:attachment":[{"href":"https:\/\/www.bibianabelsasso.com\/wpbb\/wp-json\/wp\/v2\/media?parent=7370"}],"wp:term":[{"taxonomy":"category","embeddable":true,"href":"https:\/\/www.bibianabelsasso.com\/wpbb\/wp-json\/wp\/v2\/categories?post=7370"},{"taxonomy":"post_tag","embeddable":true,"href":"https:\/\/www.bibianabelsasso.com\/wpbb\/wp-json\/wp\/v2\/tags?post=7370"}],"curies":[{"name":"wp","href":"https:\/\/api.w.org\/{rel}","templated":true}]}}