{"id":7358,"date":"2026-08-24T08:51:55","date_gmt":"2026-08-24T14:51:55","guid":{"rendered":"https:\/\/www.bibianabelsasso.com\/wpbb\/?p=7358"},"modified":"2026-08-24T08:51:55","modified_gmt":"2026-08-24T14:51:55","slug":"rocha-entre-palenque-y-palacio","status":"publish","type":"post","link":"https:\/\/www.bibianabelsasso.com\/wpbb\/rocha-entre-palenque-y-palacio\/","title":{"rendered":"Rocha, entre Palenque y Palacio"},"content":{"rendered":"\n<p class=\"wp-block-paragraph\">El viernes pasado, Rub\u00e9n Rocha Moya se present\u00f3 en el Palacio de Gobierno de Sinaloa asegurando que regresaba como gobernador constitucional del estado. Todo indica que la Presidenta Claudia Sheinbaum se enter\u00f3 una vez que el mandatario anunciaba que regresar\u00eda.<\/p>\n\n\n\n<p class=\"wp-block-paragraph\">Ella se enferm\u00f3 y no fue a la conferencia de prensa matutina y, de inmediato, en su Gobierno se encargaron de informar que Rocha Moya no ten\u00eda la venia de la Presidenta Claudia Sheinbaum.<\/p>\n\n\n\n<p class=\"wp-block-paragraph\">Los gobernadores del partido hicieron un comunicado contra la decisi\u00f3n de Rocha, al igual que figuras como Ricardo Monreal y la Fiscal\u00eda General de la Rep\u00fablica. Alguno que otro, pero muy pocos, como Gerardo Fern\u00e1ndez Noro\u00f1a, sali\u00f3 a defender a Rocha, pero sin duda fueron los menos.<\/p>\n\n\n\n<p class=\"wp-block-paragraph\">Fue tal la presi\u00f3n que, a las pocas horas, Rocha Moya solicit\u00f3 licencia nuevamente. Lo que parece haber sucedido es que el discurso de la embestida del gobierno de Estados Unidos contra Morena, se entiende en las alas m\u00e1s radicales de Morena, est\u00e1 siendo manejado directamente por el expresidente Andr\u00e9s Manuel L\u00f3pez Obrador.<\/p>\n\n\n\n<p class=\"wp-block-paragraph\">Yo creo que \u00e9ste fue el que le dio la venia a Rocha Moya para que regresara. Y en el fondo est\u00e1 el enojo y el miedo que se tiene a que el gobierno de Donald Trump reclame a m\u00e1s personajes del gobierno de L\u00f3pez Obrador y los contin\u00fae se\u00f1alando de tener nexos con el crimen organizado. La coyuntura nos dice eso.<\/p>\n\n\n\n<p class=\"wp-block-paragraph\">La semana pasada, Omar Garc\u00eda Harfuch acudi\u00f3 a la reuni\u00f3n de la DEA con m\u00e1s de 500 jefes de seguridad.<\/p>\n\n\n\n<p class=\"wp-block-paragraph\">Ah\u00ed fue reconocido por Terrance Cole, titular de la agencia, quien dijo que Garc\u00eda Harfuch es un gran amigo y colaborador y record\u00f3 que \u00e9l mismo sufri\u00f3 un atentado por parte de los c\u00e1rteles de la droga mexicanos.<\/p>\n\n\n\n<p class=\"wp-block-paragraph\">Recordemos que L\u00f3pez Obrador nunca quiso que M\u00e9xico asistiera a esa reuni\u00f3n de la DEA y la propia Presidenta asegur\u00f3 que, en un principio, ella no quer\u00eda que fuera.<\/p>\n\n\n\n<p class=\"wp-block-paragraph\">Al mismo tiempo, y estando en Buenos Aires, Argentina, se negocia y se anuncia que el contralmirante Fernando Far\u00edas Laguna, sobrino pol\u00edtico del exsecretario de Marina de L\u00f3pez Obrador, Jos\u00e9 Rafael Ojeda Dur\u00e1n, acusado de ser operador, junto con su hermano, el vicealmirante Manuel Roberto Far\u00edas Laguna, de una de las mayores tramas de huachicol fiscal, regrese a M\u00e9xico para que aqu\u00ed lleve su proceso legal.<\/p>\n\n\n\n<p class=\"wp-block-paragraph\">Un caso en donde ni remotamente estos mandos parecen ser la parte m\u00e1s alta de esa trama criminal, en la que han muerto ocho personas que han testificado desde que fue descubierta y en donde un testigo protegido se\u00f1ala al exmando de la Marina y tambi\u00e9n a Andr\u00e9s Manuel L\u00f3pez Beltr\u00e1n, Andy, hijo de Andr\u00e9s Manuel L\u00f3pez Obrador.<\/p>\n\n\n\n<p class=\"wp-block-paragraph\">Aqu\u00ed hay un dato importante: mientras el contralmirante asegura que en M\u00e9xico su vida corre peligro, antes de ser expulsado de Argentina y mientras se encontraba en la c\u00e1rcel de Ezeiza, recibi\u00f3 a agentes de la DEA y del FBI.<\/p>\n\n\n\n<p class=\"wp-block-paragraph\">Y recordemos que hace unos d\u00edas tambi\u00e9n le fue retirada su visa a Andr\u00e9s Manuel L\u00f3pez Beltr\u00e1n, quien escribi\u00f3 una carta pr\u00e1cticamente insultando al presidente Trump y pidiendo que fueran destituidos Marco Rubio y Christopher Landau, dos de sus funcionarios m\u00e1s cercanos.<\/p>\n\n\n\n<p class=\"wp-block-paragraph\">El tema de Estados Unidos queriendo ir tras \u00e9l es, sin duda, una de las principales preocupaciones de L\u00f3pez Obrador. Basta con ver su red X. Su \u00faltimo tuit es una carta que se titula \u201cMi apoyo sin condiciones a la Presidenta Claudia Sheinbaum Pardo y una respetuosa reflexi\u00f3n sobre el presidente Donald Trump\u201d.<\/p>\n\n\n\n<p class=\"wp-block-paragraph\">\u201cNo me extra\u00f1a nada que en la embestida del gobierno de Estados Unidos contra M\u00e9xico se utilicen las pr\u00e1cticas intervencionistas y nada escrupulosas de siempre, ahora con el combate a la migraci\u00f3n y al narcoterrorismo\u201d.<\/p>\n\n\n\n<p class=\"wp-block-paragraph\">\u201cAlgunos funcionarios norteamericanos est\u00e1n tratando de debilitar a Morena y fortalecer a la oposici\u00f3n de derecha, y me llama la atenci\u00f3n el sorprendente cambio de Donald Trump. Y, por el bien de todos, que regrese el otro Trump\u201d.<\/p>\n\n\n\n<p class=\"wp-block-paragraph\">\u201cMientras fui presidente, se abstuvo de hablar mal de los mexicanos\u201d.<\/p>\n\n\n\n<p class=\"wp-block-paragraph\">Es una carta muy similar a la que escribe Andy cuando su visa le fue retirada.<\/p>\n\n\n\n<p class=\"wp-block-paragraph\">Ahora, en este contexto, en donde el expresidente L\u00f3pez Obrador y su hijo se sienten profundamente amenazados por Estados Unidos, el hecho de que el secretario de Seguridad y Protecci\u00f3n Ciudadana, Omar Garc\u00eda Harfuch, sea felicitado por la DEA y el propio Terrance Cole diga que tiene una excelente comunicaci\u00f3n con Harfuch, espanta en Palenque. Y es que, en entrevistas recientes, Terrance Cole contin\u00faa reconociendo al secretario Harfuch y la colaboraci\u00f3n con M\u00e9xico.<\/p>\n\n\n\n<p class=\"wp-block-paragraph\">En este contexto, en el mismo en el que Andy les dice a sus cercanos que su problema es Harfuch y que es este, incluso, el que divulg\u00f3 las im\u00e1genes del hijo del expresidente AMLO en Tokio, Jap\u00f3n, en tiendas de lujo \u2014eso dice Andy, no lo ha podido comprobar\u2014, el que desde el gobierno de Sheinbaum se tenga colaboraci\u00f3n y relaci\u00f3n con el de Estados Unidos lo ven como una amenaza.<\/p>\n\n\n\n<p class=\"wp-block-paragraph\">Lo cierto es que el regreso de Rub\u00e9n Rocha Moya como gobernador de Sinaloa, sin duda, iba a tensar a\u00fan m\u00e1s la relaci\u00f3n entre M\u00e9xico y Estados Unidos y complicar esta relaci\u00f3n, sobre todo para el Gobierno, quien est\u00e1 tratando de tener una relaci\u00f3n cordial con nuestro principal socio comercial.<\/p>\n\n\n\n<p class=\"wp-block-paragraph\">Seguramente consciente de que la relaci\u00f3n entre M\u00e9xico y Estados Unidos va mucho m\u00e1s all\u00e1 de un tema pol\u00edtico.<\/p>\n\n\n\n<p class=\"wp-block-paragraph\">Ahora imag\u00ednense: despu\u00e9s del reconocimiento a Omar Garc\u00eda Harfuch y de que hay una buena relaci\u00f3n a nivel de seguridad entre Estados Unidos y M\u00e9xico, que llegue un gobernador acusado de tener nexos con el C\u00e1rtel de Sinaloa, concretamente con la fracci\u00f3n de Los Chapitos, y se\u00f1alado de que \u00e9stos operaron para que ganara la elecci\u00f3n en 2021, como lo asegura Estados Unidos.<\/p>\n\n\n\n<p class=\"wp-block-paragraph\">Sobre todo ahora que han declarado el exsecretario de Seguridad P\u00fablica Gerardo M\u00e9rida S\u00e1nchez y el exsecretario de Administraci\u00f3n y Finanzas, Enrique D\u00edaz Vega, ambos del gobierno de Rocha Moya y quienes han colaborado con las autoridades estadounidenses. Ninguno se encuentra actualmente en el sistema de prisiones de Estados Unidos. \u00bfC\u00f3mo podr\u00edan las \u00e1reas de seguridad federal tener que tratar con un gobernador se\u00f1alado como socio de Los Chapitos?<\/p>\n\n\n\n<p class=\"wp-block-paragraph\">Ese quiz\u00e1 era uno de los problemas m\u00e1s grandes, porque, siendo Rocha Moya gobernador, necesariamente el secretario de Seguridad y Protecci\u00f3n Ciudadana, el secretario de Marina y el secretario de la Defensa Nacional hubieran tenido que trabajar con ese gobernador se\u00f1alado por Estados Unidos por presuntos v\u00ednculos con el narcotr\u00e1fico.<\/p>\n\n\n\n<p class=\"wp-block-paragraph\">Finalmente, Rub\u00e9n Rocha Moya pidi\u00f3 nuevamente licencia a su cargo; las diferencias entre los m\u00e1s duros de Morena, muchos de los cuales est\u00e1n se\u00f1alados por el gobierno de Estados Unidos, y los claudistas son cada vez m\u00e1s grandes. Esta parece que la ha ganado la Presidenta Sheinbaum, aunque esta historia no termina aqu\u00ed.<\/p>\n\n\n\n<p class=\"wp-block-paragraph\">Y aqu\u00ed hay que recordar que L\u00f3pez Obrador dijo que la \u00fanica manera en que \u00e9l saldr\u00eda a las calles\u202fes si la soberan\u00eda de M\u00e9xico est\u00e1 en riesgo, y \u00e9l quiere hacer sentir que lo est\u00e1. \u00bfEstar\u00e1 \u00e9l pensando en regresar a las calles?<\/p>\n","protected":false},"excerpt":{"rendered":"<p>El viernes pasado, Rub\u00e9n Rocha Moya se present\u00f3 en el Palacio de Gobierno de Sinaloa asegurando que regresaba como gobernador constitucional del estado. Todo indica que la Presidenta Claudia Sheinbaum se enter\u00f3 una vez que el mandatario anunciaba que regresar\u00eda. [&hellip;]<\/p>\n","protected":false},"author":2,"featured_media":7359,"comment_status":"open","ping_status":"open","sticky":false,"template":"","format":"standard","meta":{"nf_dc_page":"","footnotes":""},"categories":[228],"tags":[],"class_list":["post-7358","post","type-post","status-publish","format-standard","has-post-thumbnail","hentry","category-columna-bajo-sospecha"],"_links":{"self":[{"href":"https:\/\/www.bibianabelsasso.com\/wpbb\/wp-json\/wp\/v2\/posts\/7358","targetHints":{"allow":["GET"]}}],"collection":[{"href":"https:\/\/www.bibianabelsasso.com\/wpbb\/wp-json\/wp\/v2\/posts"}],"about":[{"href":"https:\/\/www.bibianabelsasso.com\/wpbb\/wp-json\/wp\/v2\/types\/post"}],"author":[{"embeddable":true,"href":"https:\/\/www.bibianabelsasso.com\/wpbb\/wp-json\/wp\/v2\/users\/2"}],"replies":[{"embeddable":true,"href":"https:\/\/www.bibianabelsasso.com\/wpbb\/wp-json\/wp\/v2\/comments?post=7358"}],"version-history":[{"count":1,"href":"https:\/\/www.bibianabelsasso.com\/wpbb\/wp-json\/wp\/v2\/posts\/7358\/revisions"}],"predecessor-version":[{"id":7360,"href":"https:\/\/www.bibianabelsasso.com\/wpbb\/wp-json\/wp\/v2\/posts\/7358\/revisions\/7360"}],"wp:featuredmedia":[{"embeddable":true,"href":"https:\/\/www.bibianabelsasso.com\/wpbb\/wp-json\/wp\/v2\/media\/7359"}],"wp:attachment":[{"href":"https:\/\/www.bibianabelsasso.com\/wpbb\/wp-json\/wp\/v2\/media?parent=7358"}],"wp:term":[{"taxonomy":"category","embeddable":true,"href":"https:\/\/www.bibianabelsasso.com\/wpbb\/wp-json\/wp\/v2\/categories?post=7358"},{"taxonomy":"post_tag","embeddable":true,"href":"https:\/\/www.bibianabelsasso.com\/wpbb\/wp-json\/wp\/v2\/tags?post=7358"}],"curies":[{"name":"wp","href":"https:\/\/api.w.org\/{rel}","templated":true}]}}